{"id":676,"date":"2020-06-13T12:00:00","date_gmt":"2020-06-13T10:00:00","guid":{"rendered":"https:\/\/posaunenchor-schwarzenbach.de\/?p=676"},"modified":"2024-05-07T09:52:39","modified_gmt":"2024-05-07T07:52:39","slug":"probe-wieder-moeglich","status":"publish","type":"post","link":"https:\/\/posaunenchor-schwarzenbach.de\/?p=676","title":{"rendered":"Probe wieder m\u00f6glich"},"content":{"rendered":"\n<p>Am Freitag, den 12.06 wurde wieder in den Probenbetrieb gestartet. Durch ein Hygienekonzept des Verbandes ist es ab jetzt wieder m\u00f6glich Proben durchzuf\u00fchren. Geprobt wird vorerst im Garten des Gemeindehauses mit jeweils drei Meter Abstand untereinander. Au\u00dferdem werden maximal 10 Bl\u00e4ser gleichzeitig proben, dazu werden zwei Proben mit jeweils 30 Minuten abgehalten. Wir hoffen, dass man bald auch wieder in gro\u00dfer Besetzung spielen kann, und freuen uns schon auf unseren ersten Auftritt, sobald es wieder m\u00f6glich ist!<\/p>\n","protected":false},"excerpt":{"rendered":"<p>Am Freitag, den 12.06 wurde wieder in den Probenbetrieb gestartet. Durch ein Hygienekonzept des Verbandes ist es ab jetzt wieder m\u00f6glich Proben durchzuf\u00fchren. Geprobt wird vorerst im Garten des Gemeindehauses mit jeweils drei Meter Abstand untereinander. Au\u00dferdem werden maximal 10 Bl\u00e4ser gleichzeitig proben, dazu werden zwei Proben mit jeweils 30 Minuten abgehalten. Wir hoffen, dass [&hellip;]<\/p>\n","protected":false},"author":1,"featured_media":723,"comment_status":"closed","ping_status":"closed","sticky":false,"template":"","format":"standard","meta":{"footnotes":""},"categories":[15],"tags":[],"class_list":["post-676","post","type-post","status-publish","format-standard","has-post-thumbnail","hentry","category-information"],"_links":{"self":[{"href":"https:\/\/posaunenchor-schwarzenbach.de\/index.php?rest_route=\/wp\/v2\/posts\/676","targetHints":{"allow":["GET"]}}],"collection":[{"href":"https:\/\/posaunenchor-schwarzenbach.de\/index.php?rest_route=\/wp\/v2\/posts"}],"about":[{"href":"https:\/\/posaunenchor-schwarzenbach.de\/index.php?rest_route=\/wp\/v2\/types\/post"}],"author":[{"embeddable":true,"href":"https:\/\/posaunenchor-schwarzenbach.de\/index.php?rest_route=\/wp\/v2\/users\/1"}],"replies":[{"embeddable":true,"href":"https:\/\/posaunenchor-schwarzenbach.de\/index.php?rest_route=%2Fwp%2Fv2%2Fcomments&post=676"}],"version-history":[{"count":3,"href":"https:\/\/posaunenchor-schwarzenbach.de\/index.php?rest_route=\/wp\/v2\/posts\/676\/revisions"}],"predecessor-version":[{"id":724,"href":"https:\/\/posaunenchor-schwarzenbach.de\/index.php?rest_route=\/wp\/v2\/posts\/676\/revisions\/724"}],"wp:featuredmedia":[{"embeddable":true,"href":"https:\/\/posaunenchor-schwarzenbach.de\/index.php?rest_route=\/wp\/v2\/media\/723"}],"wp:attachment":[{"href":"https:\/\/posaunenchor-schwarzenbach.de\/index.php?rest_route=%2Fwp%2Fv2%2Fmedia&parent=676"}],"wp:term":[{"taxonomy":"category","embeddable":true,"href":"https:\/\/posaunenchor-schwarzenbach.de\/index.php?rest_route=%2Fwp%2Fv2%2Fcategories&post=676"},{"taxonomy":"post_tag","embeddable":true,"href":"https:\/\/posaunenchor-schwarzenbach.de\/index.php?rest_route=%2Fwp%2Fv2%2Ftags&post=676"}],"curies":[{"name":"wp","href":"https:\/\/api.w.org\/{rel}","templated":true}]}}