{"id":1233,"date":"2024-07-11T09:33:31","date_gmt":"2024-07-11T07:33:31","guid":{"rendered":"https:\/\/posaunenchor-schwarzenbach.de\/?p=1233"},"modified":"2024-07-11T09:33:33","modified_gmt":"2024-07-11T07:33:33","slug":"erfolgreiches-konzert-in-muenchberg","status":"publish","type":"post","link":"https:\/\/posaunenchor-schwarzenbach.de\/?p=1233","title":{"rendered":"Erfolgreiches Konzert in M\u00fcnchberg"},"content":{"rendered":"\n<p>Zusammen mit Dekanatskantor J\u00fcrgen Kerz wurde am vergangenen Sonntag in der Stadtkirche in M\u00fcnchberg ein Konzert abgehalten. Die Vorbereitungen daf\u00fcr sind seit Monaten bereits gelaufen, immer wieder war J\u00fcrgen Kerz in Schwarzenbach und hat mit uns gemeinsam geprobt. Zum Konzert dann wurde der Posaunenchor mit ca. 40 Besuchern belohnt, welche sich mit einem gro\u00dfen Applaus f\u00fcr den musikalischen Abend bedankten.<\/p>\n\n\n\n<p>Zum Gemeindefest in Schwarzenbach (Samstag, 13.07. um 17.00 Uhr in der St.-Gumbertus-Kirche) wird es ein weiteres Konzert geben, bei dem alle herzlich eingeladen sind.<\/p>\n","protected":false},"excerpt":{"rendered":"<p>Zusammen mit Dekanatskantor J\u00fcrgen Kerz wurde am vergangenen Sonntag in der Stadtkirche in M\u00fcnchberg ein Konzert abgehalten. Die Vorbereitungen daf\u00fcr sind seit Monaten bereits gelaufen, immer wieder war J\u00fcrgen Kerz in Schwarzenbach und hat mit uns gemeinsam geprobt. Zum Konzert dann wurde der Posaunenchor mit ca. 40 Besuchern belohnt, welche sich mit einem gro\u00dfen Applaus [&hellip;]<\/p>\n","protected":false},"author":1,"featured_media":1234,"comment_status":"closed","ping_status":"closed","sticky":false,"template":"","format":"standard","meta":{"footnotes":""},"categories":[1],"tags":[],"class_list":["post-1233","post","type-post","status-publish","format-standard","has-post-thumbnail","hentry","category-bericht"],"_links":{"self":[{"href":"https:\/\/posaunenchor-schwarzenbach.de\/index.php?rest_route=\/wp\/v2\/posts\/1233","targetHints":{"allow":["GET"]}}],"collection":[{"href":"https:\/\/posaunenchor-schwarzenbach.de\/index.php?rest_route=\/wp\/v2\/posts"}],"about":[{"href":"https:\/\/posaunenchor-schwarzenbach.de\/index.php?rest_route=\/wp\/v2\/types\/post"}],"author":[{"embeddable":true,"href":"https:\/\/posaunenchor-schwarzenbach.de\/index.php?rest_route=\/wp\/v2\/users\/1"}],"replies":[{"embeddable":true,"href":"https:\/\/posaunenchor-schwarzenbach.de\/index.php?rest_route=%2Fwp%2Fv2%2Fcomments&post=1233"}],"version-history":[{"count":1,"href":"https:\/\/posaunenchor-schwarzenbach.de\/index.php?rest_route=\/wp\/v2\/posts\/1233\/revisions"}],"predecessor-version":[{"id":1235,"href":"https:\/\/posaunenchor-schwarzenbach.de\/index.php?rest_route=\/wp\/v2\/posts\/1233\/revisions\/1235"}],"wp:featuredmedia":[{"embeddable":true,"href":"https:\/\/posaunenchor-schwarzenbach.de\/index.php?rest_route=\/wp\/v2\/media\/1234"}],"wp:attachment":[{"href":"https:\/\/posaunenchor-schwarzenbach.de\/index.php?rest_route=%2Fwp%2Fv2%2Fmedia&parent=1233"}],"wp:term":[{"taxonomy":"category","embeddable":true,"href":"https:\/\/posaunenchor-schwarzenbach.de\/index.php?rest_route=%2Fwp%2Fv2%2Fcategories&post=1233"},{"taxonomy":"post_tag","embeddable":true,"href":"https:\/\/posaunenchor-schwarzenbach.de\/index.php?rest_route=%2Fwp%2Fv2%2Ftags&post=1233"}],"curies":[{"name":"wp","href":"https:\/\/api.w.org\/{rel}","templated":true}]}}